{"id":328,"date":"2025-02-27T17:48:08","date_gmt":"2025-02-27T17:48:08","guid":{"rendered":"https:\/\/latam-liaison.com\/es\/?p=328"},"modified":"2025-02-27T17:48:09","modified_gmt":"2025-02-27T17:48:09","slug":"propiedad-intelectual-e-innovacion-en-america-latina-lo-mas-destacado-de-la-cumbre-asipi-2025","status":"publish","type":"post","link":"https:\/\/latam-liaison.com\/es\/blog\/propiedad-intelectual-e-innovacion-en-america-latina-lo-mas-destacado-de-la-cumbre-asipi-2025\/","title":{"rendered":"Propiedad Intelectual e Innovaci\u00f3n en Am\u00e9rica Latina: Lo m\u00e1s destacado de la Cumbre ASIPI 2025"},"content":{"rendered":"<div id=\"dslc-main\">\r\n\t\t<div  class=\"dslc-modules-section \" style=\"padding-bottom:100px;padding-top:100px;background-image:url(https:\/\/latam-liaison.com\/es\/wp-content\/uploads\/2023\/07\/contactanos-latam-liaison.jpg);background-repeat:no-repeat;background-position:right center;background-size:cover;\" data-section-id=\"37fcbaff576\">\r\n\t\t\t\t\r\n\t\t\t\t\r\n\t\t\t\t<div class=\"dslc-modules-section-wrapper dslc-clearfix\"><div class=\"dslc-modules-area dslc-col dslc-12-col dslc-last-col dslc-valign- \" data-size=\"12\" data-valign=\"\">\r\n\t\t<div id=\"dslc-module-f3d982a538b\" class=\"dslc-module-front dslc-module-DSLC_Separator dslc-in-viewport-check dslc-in-viewport-anim-none  dslc-col dslc-12-col dslc-last-col dslc-hide-on-phone  dslc-module-handle-like-regular \" data-module-id=\"f3d982a538b\" data-module=\"DSLC_Separator\" data-dslc-module-size=\"12\" data-dslc-anim=\"none\" data-dslc-anim-delay=\"\" data-dslc-anim-duration=\"650\"  data-dslc-anim-easing=\"ease\" data-dslc-preset=\"none\" >\r\n\r\n\t\t\t\r\n\t\t\t\r\n\t\t\t\t\t<div class=\"dslc-separator-wrapper\">\r\n\t\t\t\t<div class=\"dslc-separator dslc-separator-style-invisible\">\r\n\t\t\t\t\t\t\t\t\t<\/div>\r\n\t\t\t\t<div><\/div>\r\n\t\t\t<\/div><!-- .dslc-separator-wrapper -->\r\n\t\t\t\r\n\t\t\t\t<\/div><!-- .dslc-module -->\r\n\t\t\r\n\t\t<div id=\"dslc-module-62e4fd745f9\" class=\"dslc-module-front dslc-module-DSLC_Text_Simple dslc-in-viewport-check dslc-in-viewport-anim-none  dslc-col dslc-12-col dslc-last-col  dslc-module-handle-like-regular \" data-module-id=\"62e4fd745f9\" data-module=\"DSLC_Text_Simple\" data-dslc-module-size=\"12\" data-dslc-anim=\"none\" data-dslc-anim-delay=\"\" data-dslc-anim-duration=\"650\"  data-dslc-anim-easing=\"ease\" data-dslc-preset=\"none\" >\r\n\r\n\t\t\t\r\n\t\t\t\r\n\t\t\r\n\t\t<div class=\"dslc-text-module-content\">\r\n\t\t\t<p>Inicio \u2190 <a href=\"https:\/\/latam-liaison.com\/es\/inicio\/arkoulis-today\/\">ARKOULIS Today<\/a><\/p>\t\t<\/div>\r\n\r\n\t\t\r\n\t\t\t\t<\/div><!-- .dslc-module -->\r\n\t\t\r\n\t\t<div id=\"dslc-module-23efc7f9585\" class=\"dslc-module-front dslc-module-DSLC_TP_Title dslc-in-viewport-check dslc-in-viewport-anim-none  dslc-col dslc-12-col dslc-last-col  dslc-module-handle-like-regular \" data-module-id=\"23efc7f9585\" data-module=\"DSLC_TP_Title\" data-dslc-module-size=\"12\" data-dslc-anim=\"none\" data-dslc-anim-delay=\"\" data-dslc-anim-duration=\"650\"  data-dslc-anim-easing=\"ease\" data-dslc-preset=\"none\" >\r\n\r\n\t\t\t\r\n\t\t\t\r\n\t\t\r\n\t\t\t\t<div class=\"dslc-tp-title\"><h1>Propiedad Intelectual e Innovaci\u00f3n en Am\u00e9rica Latina: Lo m\u00e1s destacado de la Cumbre ASIPI 2025<\/h1><\/div>\r\n\r\n\t\t\t\r\n\t\t\t\t<\/div><!-- .dslc-module -->\r\n\t\t<\/div><\/div><\/div>\r\n\t\t<div  class=\"dslc-modules-section \" style=\"background-color:#e6e6df;\" data-section-id=\"37fcbaff576\">\r\n\t\t\t\t\r\n\t\t\t\t\r\n\t\t\t\t<div class=\"dslc-modules-section-wrapper dslc-clearfix\"><div class=\"dslc-modules-area dslc-col dslc-1-col dslc-first-col dslc-valign- \" data-size=\"1\" data-valign=\"\">\r\n\t\t<div id=\"dslc-module-7508d3bf06d\" class=\"dslc-module-front dslc-module-DSLC_Separator dslc-in-viewport-check dslc-in-viewport-anim-none  dslc-col dslc-12-col dslc-last-col dslc-hide-on-phone  dslc-module-handle-like-regular \" data-module-id=\"7508d3bf06d\" data-module=\"DSLC_Separator\" data-dslc-module-size=\"12\" data-dslc-anim=\"none\" data-dslc-anim-delay=\"\" data-dslc-anim-duration=\"650\"  data-dslc-anim-easing=\"ease\" data-dslc-preset=\"none\" >\r\n\r\n\t\t\t\r\n\t\t\t\r\n\t\t\t\t\t<div class=\"dslc-separator-wrapper\">\r\n\t\t\t\t<div class=\"dslc-separator dslc-separator-style-invisible\">\r\n\t\t\t\t\t\t\t\t\t<\/div>\r\n\t\t\t\t<div><\/div>\r\n\t\t\t<\/div><!-- .dslc-separator-wrapper -->\r\n\t\t\t\r\n\t\t\t\t<\/div><!-- .dslc-module -->\r\n\t\t<\/div><div class=\"dslc-modules-area dslc-col dslc-10-col  dslc-valign-undefined \" data-size=\"10\" data-valign=\"undefined\">\r\n\t\t<div id=\"dslc-module-37f3bce476e\" class=\"dslc-module-front dslc-module-DSLC_TP_Content dslc-in-viewport-check dslc-in-viewport-anim-none  dslc-col dslc-12-col dslc-last-col  dslc-module-handle-like-regular \" data-module-id=\"37f3bce476e\" data-module=\"DSLC_TP_Content\" data-dslc-module-size=\"12\" data-dslc-anim=\"none\" data-dslc-anim-delay=\"\" data-dslc-anim-duration=\"650\"  data-dslc-anim-easing=\"ease\" data-dslc-preset=\"none\" >\r\n\r\n\t\t\t\r\n\t\t\t\r\n\t\t<div class=\"dslc-tp-content\"><div id=\"dslc-theme-content\"><div id=\"dslc-theme-content-inner\">\n<p>La\u00a0Cumbre ASIPI 2025\u00a0en R\u00edo de Janeiro reuni\u00f3 a expertos y l\u00edderes de la industria para debatir los principales desaf\u00edos y avances en\u00a0Propiedad Intelectual (PI)\u00a0en Am\u00e9rica Latina. Como parte del evento, un seminario organizado bajo el acuerdo\u00a0IP Key\u2013EUIPO\u00a0abord\u00f3 temas cr\u00edticos, desde la eficiencia en el registro de marcas hasta la creciente amenaza de la pirater\u00eda y la falsificaci\u00f3n.<\/p>\n\n\n\n<p>Uno de los avances legislativos m\u00e1s relevantes fue la\u00a0nueva Ley de Propiedad Intelectual de El Salvador, que entrar\u00e1 en vigor el\u00a015 de febrero de 2025. Esta normativa busca agilizar el\u00a0registro de marcas, reducir los obst\u00e1culos burocr\u00e1ticos y fortalecer la\u00a0seguridad jur\u00eddica\u00a0para empresas y emprendedores.<\/p>\n\n\n\n<p>La\u00a0pirater\u00eda y la falsificaci\u00f3n\u00a0tambi\u00e9n ocuparon un lugar central en la discusi\u00f3n, especialmente el auge de plataformas de streaming ilegales que explotan contenido de servicios como\u00a0Netflix, Amazon Prime y Apple TV. Los expertos subrayaron la\u00a0urgencia de reforzar las medidas de aplicaci\u00f3n de la ley\u00a0para proteger a las industrias creativas.<\/p>\n\n\n\n<p>En el \u00e1mbito de las\u00a0Indicaciones Geogr\u00e1ficas (IG) y Denominaciones de Origen, se destac\u00f3 el liderazgo de Brasil en la regi\u00f3n, con\u00a0127 indicaciones geogr\u00e1ficas registradas y 17 denominaciones de origen. Esto refleja un movimiento creciente para\u00a0preservar la autenticidad\u00a0y promover las industrias locales.<\/p>\n\n\n\n<p>La Inteligencia Artificial (IA) y su impacto en los derechos de propiedad intelectual tambi\u00e9n generaron debate. Con la IA cada vez m\u00e1s involucrada en la creaci\u00f3n de\u00a0contenido, servicios y productos, los expertos legales cuestionaron c\u00f3mo debe protegerse la\u00a0invenci\u00f3n y autor\u00eda humana\u00a0en un entorno digital en constante evoluci\u00f3n.<\/p>\n\n\n\n<p>El seminario reafirm\u00f3 que la\u00a0protecci\u00f3n de la PI es clave para la innovaci\u00f3n. A medida que Am\u00e9rica Latina se adapta a\u00a0nuevos desaf\u00edos tecnol\u00f3gicos y legales, la colaboraci\u00f3n entre gobiernos, actores de la industria y el sector legal ser\u00e1 esencial para garantizar un\u00a0sistema de PI equilibrado y eficaz\u00a0en el futuro.<\/p>\n\n\n\n<p>Arkoulis IP S. de R.L.<\/p>\n<\/div><\/div><\/div>\r\n\t\t\t\t<\/div><!-- .dslc-module -->\r\n\t\t<\/div><\/div><\/div><\/div>","protected":false},"excerpt":{"rendered":"<p>Inicio \u2190 ARKOULIS Today Propiedad Intelectual e Innovaci\u00f3n en Am\u00e9rica Latina: Lo m\u00e1s destacado de la Cumbre ASIPI 2025 La\u00a0Cumbre ASIPI 2025\u00a0en R\u00edo de Janeiro reuni\u00f3 a expertos y l\u00edderes de la industria para debatir los principales desaf\u00edos y avances en\u00a0Propiedad Intelectual (PI)\u00a0en Am\u00e9rica Latina. Como parte del evento, un seminario organizado bajo el acuerdo\u00a0IP [&hellip;]<\/p>\n","protected":false},"author":1,"featured_media":0,"comment_status":"open","ping_status":"open","sticky":false,"template":"","format":"standard","meta":[],"categories":[4],"tags":[],"yoast_head":"<!-- This site is optimized with the Yoast SEO plugin v20.13 - https:\/\/yoast.com\/wordpress\/plugins\/seo\/ -->\n<title>Propiedad Intelectual e Innovaci\u00f3n en Am\u00e9rica Latina: Lo m\u00e1s destacado de la Cumbre ASIPI 2025 - Latam Liaison<\/title>\n<meta name=\"robots\" content=\"index, follow, max-snippet:-1, max-image-preview:large, max-video-preview:-1\" \/>\n<link rel=\"canonical\" href=\"https:\/\/latam-liaison.com\/es\/blog\/propiedad-intelectual-e-innovacion-en-america-latina-lo-mas-destacado-de-la-cumbre-asipi-2025\/\" \/>\n<meta property=\"og:locale\" content=\"es_ES\" \/>\n<meta property=\"og:type\" content=\"article\" \/>\n<meta property=\"og:title\" content=\"Propiedad Intelectual e Innovaci\u00f3n en Am\u00e9rica Latina: Lo m\u00e1s destacado de la Cumbre ASIPI 2025 - Latam Liaison\" \/>\n<meta property=\"og:description\" content=\"Inicio \u2190 ARKOULIS Today Propiedad Intelectual e Innovaci\u00f3n en Am\u00e9rica Latina: Lo m\u00e1s destacado de la Cumbre ASIPI 2025 La\u00a0Cumbre ASIPI 2025\u00a0en R\u00edo de Janeiro reuni\u00f3 a expertos y l\u00edderes de la industria para debatir los principales desaf\u00edos y avances en\u00a0Propiedad Intelectual (PI)\u00a0en Am\u00e9rica Latina. Como parte del evento, un seminario organizado bajo el acuerdo\u00a0IP [&hellip;]\" \/>\n<meta property=\"og:url\" content=\"https:\/\/latam-liaison.com\/es\/blog\/propiedad-intelectual-e-innovacion-en-america-latina-lo-mas-destacado-de-la-cumbre-asipi-2025\/\" \/>\n<meta property=\"og:site_name\" content=\"Latam Liaison\" \/>\n<meta property=\"article:published_time\" content=\"2025-02-27T17:48:08+00:00\" \/>\n<meta property=\"article:modified_time\" content=\"2025-02-27T17:48:09+00:00\" \/>\n<meta name=\"author\" content=\"latamliaison\" \/>\n<meta name=\"twitter:card\" content=\"summary_large_image\" \/>\n<meta name=\"twitter:label1\" content=\"Escrito por\" \/>\n\t<meta name=\"twitter:data1\" content=\"latamliaison\" \/>\n\t<meta name=\"twitter:label2\" content=\"Tiempo de lectura\" \/>\n\t<meta name=\"twitter:data2\" content=\"2 minutos\" \/>\n<script type=\"application\/ld+json\" class=\"yoast-schema-graph\">{\"@context\":\"https:\/\/schema.org\",\"@graph\":[{\"@type\":\"Article\",\"@id\":\"https:\/\/latam-liaison.com\/es\/blog\/propiedad-intelectual-e-innovacion-en-america-latina-lo-mas-destacado-de-la-cumbre-asipi-2025\/#article\",\"isPartOf\":{\"@id\":\"https:\/\/latam-liaison.com\/es\/blog\/propiedad-intelectual-e-innovacion-en-america-latina-lo-mas-destacado-de-la-cumbre-asipi-2025\/\"},\"author\":{\"name\":\"latamliaison\",\"@id\":\"https:\/\/latam-liaison.com\/es\/#\/schema\/person\/2dbd392e131aa61822a94c7bf913a82b\"},\"headline\":\"Propiedad Intelectual e Innovaci\u00f3n en Am\u00e9rica Latina: Lo m\u00e1s destacado de la Cumbre ASIPI 2025\",\"datePublished\":\"2025-02-27T17:48:08+00:00\",\"dateModified\":\"2025-02-27T17:48:09+00:00\",\"mainEntityOfPage\":{\"@id\":\"https:\/\/latam-liaison.com\/es\/blog\/propiedad-intelectual-e-innovacion-en-america-latina-lo-mas-destacado-de-la-cumbre-asipi-2025\/\"},\"wordCount\":363,\"commentCount\":0,\"publisher\":{\"@id\":\"https:\/\/latam-liaison.com\/es\/#organization\"},\"articleSection\":[\"Blog\"],\"inLanguage\":\"es\",\"potentialAction\":[{\"@type\":\"CommentAction\",\"name\":\"Comment\",\"target\":[\"https:\/\/latam-liaison.com\/es\/blog\/propiedad-intelectual-e-innovacion-en-america-latina-lo-mas-destacado-de-la-cumbre-asipi-2025\/#respond\"]}]},{\"@type\":\"WebPage\",\"@id\":\"https:\/\/latam-liaison.com\/es\/blog\/propiedad-intelectual-e-innovacion-en-america-latina-lo-mas-destacado-de-la-cumbre-asipi-2025\/\",\"url\":\"https:\/\/latam-liaison.com\/es\/blog\/propiedad-intelectual-e-innovacion-en-america-latina-lo-mas-destacado-de-la-cumbre-asipi-2025\/\",\"name\":\"Propiedad Intelectual e Innovaci\u00f3n en Am\u00e9rica Latina: Lo m\u00e1s destacado de la Cumbre ASIPI 2025 - Latam Liaison\",\"isPartOf\":{\"@id\":\"https:\/\/latam-liaison.com\/es\/#website\"},\"datePublished\":\"2025-02-27T17:48:08+00:00\",\"dateModified\":\"2025-02-27T17:48:09+00:00\",\"breadcrumb\":{\"@id\":\"https:\/\/latam-liaison.com\/es\/blog\/propiedad-intelectual-e-innovacion-en-america-latina-lo-mas-destacado-de-la-cumbre-asipi-2025\/#breadcrumb\"},\"inLanguage\":\"es\",\"potentialAction\":[{\"@type\":\"ReadAction\",\"target\":[\"https:\/\/latam-liaison.com\/es\/blog\/propiedad-intelectual-e-innovacion-en-america-latina-lo-mas-destacado-de-la-cumbre-asipi-2025\/\"]}]},{\"@type\":\"BreadcrumbList\",\"@id\":\"https:\/\/latam-liaison.com\/es\/blog\/propiedad-intelectual-e-innovacion-en-america-latina-lo-mas-destacado-de-la-cumbre-asipi-2025\/#breadcrumb\",\"itemListElement\":[{\"@type\":\"ListItem\",\"position\":1,\"name\":\"Portada\",\"item\":\"https:\/\/latam-liaison.com\/es\/\"},{\"@type\":\"ListItem\",\"position\":2,\"name\":\"Propiedad Intelectual e Innovaci\u00f3n en Am\u00e9rica Latina: Lo m\u00e1s destacado de la Cumbre ASIPI 2025\"}]},{\"@type\":\"WebSite\",\"@id\":\"https:\/\/latam-liaison.com\/es\/#website\",\"url\":\"https:\/\/latam-liaison.com\/es\/\",\"name\":\"Latam Liaison\",\"description\":\"Lawyers\",\"publisher\":{\"@id\":\"https:\/\/latam-liaison.com\/es\/#organization\"},\"potentialAction\":[{\"@type\":\"SearchAction\",\"target\":{\"@type\":\"EntryPoint\",\"urlTemplate\":\"https:\/\/latam-liaison.com\/es\/?s={search_term_string}\"},\"query-input\":\"required name=search_term_string\"}],\"inLanguage\":\"es\"},{\"@type\":\"Organization\",\"@id\":\"https:\/\/latam-liaison.com\/es\/#organization\",\"name\":\"Latam Liaison\",\"url\":\"https:\/\/latam-liaison.com\/es\/\",\"logo\":{\"@type\":\"ImageObject\",\"inLanguage\":\"es\",\"@id\":\"https:\/\/latam-liaison.com\/es\/#\/schema\/logo\/image\/\",\"url\":\"https:\/\/latam-liaison.com\/es\/wp-content\/uploads\/2023\/09\/cropped-arkoulis-latam-liaison-logo-azul.png\",\"contentUrl\":\"https:\/\/latam-liaison.com\/es\/wp-content\/uploads\/2023\/09\/cropped-arkoulis-latam-liaison-logo-azul.png\",\"width\":1200,\"height\":500,\"caption\":\"Latam Liaison\"},\"image\":{\"@id\":\"https:\/\/latam-liaison.com\/es\/#\/schema\/logo\/image\/\"}},{\"@type\":\"Person\",\"@id\":\"https:\/\/latam-liaison.com\/es\/#\/schema\/person\/2dbd392e131aa61822a94c7bf913a82b\",\"name\":\"latamliaison\",\"image\":{\"@type\":\"ImageObject\",\"inLanguage\":\"es\",\"@id\":\"https:\/\/latam-liaison.com\/es\/#\/schema\/person\/image\/\",\"url\":\"https:\/\/secure.gravatar.com\/avatar\/36c4ef762c92151e8f67abc46f66fcc2?s=96&d=mm&r=g\",\"contentUrl\":\"https:\/\/secure.gravatar.com\/avatar\/36c4ef762c92151e8f67abc46f66fcc2?s=96&d=mm&r=g\",\"caption\":\"latamliaison\"},\"sameAs\":[\"https:\/\/latam-liaison.com\/es\"],\"url\":\"https:\/\/latam-liaison.com\/es\/author\/latamliaison\/\"}]}<\/script>\n<!-- \/ Yoast SEO plugin. -->","yoast_head_json":{"title":"Propiedad Intelectual e Innovaci\u00f3n en Am\u00e9rica Latina: Lo m\u00e1s destacado de la Cumbre ASIPI 2025 - Latam Liaison","robots":{"index":"index","follow":"follow","max-snippet":"max-snippet:-1","max-image-preview":"max-image-preview:large","max-video-preview":"max-video-preview:-1"},"canonical":"https:\/\/latam-liaison.com\/es\/blog\/propiedad-intelectual-e-innovacion-en-america-latina-lo-mas-destacado-de-la-cumbre-asipi-2025\/","og_locale":"es_ES","og_type":"article","og_title":"Propiedad Intelectual e Innovaci\u00f3n en Am\u00e9rica Latina: Lo m\u00e1s destacado de la Cumbre ASIPI 2025 - Latam Liaison","og_description":"Inicio \u2190 ARKOULIS Today Propiedad Intelectual e Innovaci\u00f3n en Am\u00e9rica Latina: Lo m\u00e1s destacado de la Cumbre ASIPI 2025 La\u00a0Cumbre ASIPI 2025\u00a0en R\u00edo de Janeiro reuni\u00f3 a expertos y l\u00edderes de la industria para debatir los principales desaf\u00edos y avances en\u00a0Propiedad Intelectual (PI)\u00a0en Am\u00e9rica Latina. Como parte del evento, un seminario organizado bajo el acuerdo\u00a0IP [&hellip;]","og_url":"https:\/\/latam-liaison.com\/es\/blog\/propiedad-intelectual-e-innovacion-en-america-latina-lo-mas-destacado-de-la-cumbre-asipi-2025\/","og_site_name":"Latam Liaison","article_published_time":"2025-02-27T17:48:08+00:00","article_modified_time":"2025-02-27T17:48:09+00:00","author":"latamliaison","twitter_card":"summary_large_image","twitter_misc":{"Escrito por":"latamliaison","Tiempo de lectura":"2 minutos"},"schema":{"@context":"https:\/\/schema.org","@graph":[{"@type":"Article","@id":"https:\/\/latam-liaison.com\/es\/blog\/propiedad-intelectual-e-innovacion-en-america-latina-lo-mas-destacado-de-la-cumbre-asipi-2025\/#article","isPartOf":{"@id":"https:\/\/latam-liaison.com\/es\/blog\/propiedad-intelectual-e-innovacion-en-america-latina-lo-mas-destacado-de-la-cumbre-asipi-2025\/"},"author":{"name":"latamliaison","@id":"https:\/\/latam-liaison.com\/es\/#\/schema\/person\/2dbd392e131aa61822a94c7bf913a82b"},"headline":"Propiedad Intelectual e Innovaci\u00f3n en Am\u00e9rica Latina: Lo m\u00e1s destacado de la Cumbre ASIPI 2025","datePublished":"2025-02-27T17:48:08+00:00","dateModified":"2025-02-27T17:48:09+00:00","mainEntityOfPage":{"@id":"https:\/\/latam-liaison.com\/es\/blog\/propiedad-intelectual-e-innovacion-en-america-latina-lo-mas-destacado-de-la-cumbre-asipi-2025\/"},"wordCount":363,"commentCount":0,"publisher":{"@id":"https:\/\/latam-liaison.com\/es\/#organization"},"articleSection":["Blog"],"inLanguage":"es","potentialAction":[{"@type":"CommentAction","name":"Comment","target":["https:\/\/latam-liaison.com\/es\/blog\/propiedad-intelectual-e-innovacion-en-america-latina-lo-mas-destacado-de-la-cumbre-asipi-2025\/#respond"]}]},{"@type":"WebPage","@id":"https:\/\/latam-liaison.com\/es\/blog\/propiedad-intelectual-e-innovacion-en-america-latina-lo-mas-destacado-de-la-cumbre-asipi-2025\/","url":"https:\/\/latam-liaison.com\/es\/blog\/propiedad-intelectual-e-innovacion-en-america-latina-lo-mas-destacado-de-la-cumbre-asipi-2025\/","name":"Propiedad Intelectual e Innovaci\u00f3n en Am\u00e9rica Latina: Lo m\u00e1s destacado de la Cumbre ASIPI 2025 - Latam Liaison","isPartOf":{"@id":"https:\/\/latam-liaison.com\/es\/#website"},"datePublished":"2025-02-27T17:48:08+00:00","dateModified":"2025-02-27T17:48:09+00:00","breadcrumb":{"@id":"https:\/\/latam-liaison.com\/es\/blog\/propiedad-intelectual-e-innovacion-en-america-latina-lo-mas-destacado-de-la-cumbre-asipi-2025\/#breadcrumb"},"inLanguage":"es","potentialAction":[{"@type":"ReadAction","target":["https:\/\/latam-liaison.com\/es\/blog\/propiedad-intelectual-e-innovacion-en-america-latina-lo-mas-destacado-de-la-cumbre-asipi-2025\/"]}]},{"@type":"BreadcrumbList","@id":"https:\/\/latam-liaison.com\/es\/blog\/propiedad-intelectual-e-innovacion-en-america-latina-lo-mas-destacado-de-la-cumbre-asipi-2025\/#breadcrumb","itemListElement":[{"@type":"ListItem","position":1,"name":"Portada","item":"https:\/\/latam-liaison.com\/es\/"},{"@type":"ListItem","position":2,"name":"Propiedad Intelectual e Innovaci\u00f3n en Am\u00e9rica Latina: Lo m\u00e1s destacado de la Cumbre ASIPI 2025"}]},{"@type":"WebSite","@id":"https:\/\/latam-liaison.com\/es\/#website","url":"https:\/\/latam-liaison.com\/es\/","name":"Latam Liaison","description":"Lawyers","publisher":{"@id":"https:\/\/latam-liaison.com\/es\/#organization"},"potentialAction":[{"@type":"SearchAction","target":{"@type":"EntryPoint","urlTemplate":"https:\/\/latam-liaison.com\/es\/?s={search_term_string}"},"query-input":"required name=search_term_string"}],"inLanguage":"es"},{"@type":"Organization","@id":"https:\/\/latam-liaison.com\/es\/#organization","name":"Latam Liaison","url":"https:\/\/latam-liaison.com\/es\/","logo":{"@type":"ImageObject","inLanguage":"es","@id":"https:\/\/latam-liaison.com\/es\/#\/schema\/logo\/image\/","url":"https:\/\/latam-liaison.com\/es\/wp-content\/uploads\/2023\/09\/cropped-arkoulis-latam-liaison-logo-azul.png","contentUrl":"https:\/\/latam-liaison.com\/es\/wp-content\/uploads\/2023\/09\/cropped-arkoulis-latam-liaison-logo-azul.png","width":1200,"height":500,"caption":"Latam Liaison"},"image":{"@id":"https:\/\/latam-liaison.com\/es\/#\/schema\/logo\/image\/"}},{"@type":"Person","@id":"https:\/\/latam-liaison.com\/es\/#\/schema\/person\/2dbd392e131aa61822a94c7bf913a82b","name":"latamliaison","image":{"@type":"ImageObject","inLanguage":"es","@id":"https:\/\/latam-liaison.com\/es\/#\/schema\/person\/image\/","url":"https:\/\/secure.gravatar.com\/avatar\/36c4ef762c92151e8f67abc46f66fcc2?s=96&d=mm&r=g","contentUrl":"https:\/\/secure.gravatar.com\/avatar\/36c4ef762c92151e8f67abc46f66fcc2?s=96&d=mm&r=g","caption":"latamliaison"},"sameAs":["https:\/\/latam-liaison.com\/es"],"url":"https:\/\/latam-liaison.com\/es\/author\/latamliaison\/"}]}},"_links":{"self":[{"href":"https:\/\/latam-liaison.com\/es\/wp-json\/wp\/v2\/posts\/328"}],"collection":[{"href":"https:\/\/latam-liaison.com\/es\/wp-json\/wp\/v2\/posts"}],"about":[{"href":"https:\/\/latam-liaison.com\/es\/wp-json\/wp\/v2\/types\/post"}],"author":[{"embeddable":true,"href":"https:\/\/latam-liaison.com\/es\/wp-json\/wp\/v2\/users\/1"}],"replies":[{"embeddable":true,"href":"https:\/\/latam-liaison.com\/es\/wp-json\/wp\/v2\/comments?post=328"}],"version-history":[{"count":1,"href":"https:\/\/latam-liaison.com\/es\/wp-json\/wp\/v2\/posts\/328\/revisions"}],"predecessor-version":[{"id":329,"href":"https:\/\/latam-liaison.com\/es\/wp-json\/wp\/v2\/posts\/328\/revisions\/329"}],"wp:attachment":[{"href":"https:\/\/latam-liaison.com\/es\/wp-json\/wp\/v2\/media?parent=328"}],"wp:term":[{"taxonomy":"category","embeddable":true,"href":"https:\/\/latam-liaison.com\/es\/wp-json\/wp\/v2\/categories?post=328"},{"taxonomy":"post_tag","embeddable":true,"href":"https:\/\/latam-liaison.com\/es\/wp-json\/wp\/v2\/tags?post=328"}],"curies":[{"name":"wp","href":"https:\/\/api.w.org\/{rel}","templated":true}]}}